{"id":4478,"date":"2025-07-17T08:35:43","date_gmt":"2025-07-17T11:35:43","guid":{"rendered":"https:\/\/mobato.com.br\/?p=4478"},"modified":"2025-07-17T09:31:46","modified_gmt":"2025-07-17T12:31:46","slug":"mobato-marca-presenca-no-encontro-regional-abradit-em-fortaleza","status":"publish","type":"post","link":"https:\/\/mobato.com.br\/en\/mobato-marca-presenca-no-encontro-regional-abradit-em-fortaleza\/","title":{"rendered":"Mobato marca presen\u00e7a no Encontro Regional ABRADIT em Fortaleza"},"content":{"rendered":"<p class=\"wp-block-paragraph\">Nos dias 25 e 26 de junho, a cidade de Fortaleza (CE) foi palco do 2\u00ba Encontro Regional ABRADIT, realizado no Hotel Gran Mareiro. O evento reuniu cerca de 280 diretores e gerentes de vendas e p\u00f3s-venda da rede <a href=\"https:\/\/www.toyota.com.br\/\" target=\"_blank\" rel=\"noreferrer noopener\">Toyota<\/a>, com o objetivo de promover alinhamento estrat\u00e9gico, fortalecer o relacionamento entre os participantes e gerar novas oportunidades de neg\u00f3cios.<\/p>\n\n\n\n<p class=\"wp-block-paragraph\">A Mobato participou do evento a equipe de diretores, gerentes e regionais do <a href=\"https:\/\/gruporevise.com.br\/\">Grupo Revise<\/a> representando a marca, refor\u00e7ando o compromisso da empresa em apoiar o crescimento e a excel\u00eancia no p\u00f3s-venda das concession\u00e1rias.<\/p>\n\n\n\n<p class=\"wp-block-paragraph\">Durante o encontro, a Mobato apresentou o D-Check by Mobato, sistema que digitaliza processos e oferece mais efici\u00eancia no atendimento ao cliente, desde a entrada do ve\u00edculo at\u00e9 a entrega.<\/p>\n\n\n\n<p class=\"wp-block-paragraph\">O evento da ABRADIT \u00e9 refer\u00eancia em promover integra\u00e7\u00e3o entre os profissionais da rede Toyota, al\u00e9m de discutir estrat\u00e9gias que impulsionam os resultados no mercado automotivo.<\/p>\n\n\n\n<p class=\"wp-block-paragraph\">A presen\u00e7a da Mobato em encontros como este reafirma o compromisso em oferecer inova\u00e7\u00e3o, suporte e solu\u00e7\u00f5es de confian\u00e7a, sempre alinhadas \u00e0s necessidades do setor.<\/p>\n\n\n\n<p class=\"wp-block-paragraph\">Quer saber mais sobre do D-Check By Mobato? <a href=\"https:\/\/mobato.com.br\/en\/fale-conosco\/\">Fale com nossa equipe<\/a> e leve mais efici\u00eancia para a sua concession\u00e1ria.<\/p>","protected":false},"excerpt":{"rendered":"<p>Evento reuniu diretores e gerentes da rede Toyota para alinhamento e neg\u00f3cios, com destaque para o produto D-Check by Mobato.<\/p>","protected":false},"author":4,"featured_media":4480,"comment_status":"open","ping_status":"open","sticky":false,"template":"","format":"standard","meta":{"_crdt_document":"","footnotes":""},"categories":[10],"tags":[6],"class_list":["post-4478","post","type-post","status-publish","format-standard","has-post-thumbnail","hentry","category-eventos","tag-destaques"],"yoast_head":"<!-- This site is optimized with the Yoast SEO plugin v27.4 - https:\/\/yoast.com\/product\/yoast-seo-wordpress\/ -->\n<title>Mobato marca presen\u00e7a no Encontro Regional ABRADIT em Fortaleza - Mobato<\/title>\n<meta name=\"description\" content=\"Evento reuniu diretores e gerentes da rede Toyota para alinhamento e neg\u00f3cios, com destaque para o produto D-Check by Mobato.\" \/>\n<meta name=\"robots\" content=\"index, follow, max-snippet:-1, max-image-preview:large, max-video-preview:-1\" \/>\n<link rel=\"canonical\" href=\"https:\/\/mobato.com.br\/en\/mobato-marca-presenca-no-encontro-regional-abradit-em-fortaleza\/\" \/>\n<meta property=\"og:locale\" content=\"en_US\" \/>\n<meta property=\"og:type\" content=\"article\" \/>\n<meta property=\"og:title\" content=\"Mobato marca presen\u00e7a no Encontro Regional ABRADIT em Fortaleza - Mobato\" \/>\n<meta property=\"og:description\" content=\"Evento reuniu diretores e gerentes da rede Toyota para alinhamento e neg\u00f3cios, com destaque para o produto D-Check by Mobato.\" \/>\n<meta property=\"og:url\" content=\"https:\/\/mobato.com.br\/en\/mobato-marca-presenca-no-encontro-regional-abradit-em-fortaleza\/\" \/>\n<meta property=\"og:site_name\" content=\"Mobato\" \/>\n<meta property=\"article:publisher\" content=\"https:\/\/www.facebook.com\/profile.php?id=61556951061643\" \/>\n<meta property=\"article:published_time\" content=\"2025-07-17T11:35:43+00:00\" \/>\n<meta property=\"article:modified_time\" content=\"2025-07-17T12:31:46+00:00\" \/>\n<meta property=\"og:image\" content=\"https:\/\/mobato.com.br\/wp-content\/uploads\/2025\/07\/Mobato-marca-presenca-no-Encontro-Regional-ABRADIT-em-Fortaleza.webp\" \/>\n\t<meta property=\"og:image:width\" content=\"1920\" \/>\n\t<meta property=\"og:image:height\" content=\"1080\" \/>\n\t<meta property=\"og:image:type\" content=\"image\/webp\" \/>\n<meta name=\"author\" content=\"Administrador\" \/>\n<meta name=\"twitter:card\" content=\"summary_large_image\" \/>\n<meta name=\"twitter:label1\" content=\"Written by\" \/>\n\t<meta name=\"twitter:data1\" content=\"Administrador\" \/>\n\t<meta name=\"twitter:label2\" content=\"Est. reading time\" \/>\n\t<meta name=\"twitter:data2\" content=\"2 minutes\" \/>\n<script type=\"application\/ld+json\" class=\"yoast-schema-graph\">{\"@context\":\"https:\\\/\\\/schema.org\",\"@graph\":[{\"@type\":\"Article\",\"@id\":\"https:\\\/\\\/mobato.com.br\\\/mobato-marca-presenca-no-encontro-regional-abradit-em-fortaleza\\\/#article\",\"isPartOf\":{\"@id\":\"https:\\\/\\\/mobato.com.br\\\/mobato-marca-presenca-no-encontro-regional-abradit-em-fortaleza\\\/\"},\"author\":{\"name\":\"Administrador\",\"@id\":\"https:\\\/\\\/mobato.com.br\\\/#\\\/schema\\\/person\\\/54ea0cad6ae7b9818e0a0f8433c7e139\"},\"headline\":\"Mobato marca presen\u00e7a no Encontro Regional ABRADIT em Fortaleza\",\"datePublished\":\"2025-07-17T11:35:43+00:00\",\"dateModified\":\"2025-07-17T12:31:46+00:00\",\"mainEntityOfPage\":{\"@id\":\"https:\\\/\\\/mobato.com.br\\\/mobato-marca-presenca-no-encontro-regional-abradit-em-fortaleza\\\/\"},\"wordCount\":218,\"commentCount\":0,\"publisher\":{\"@id\":\"https:\\\/\\\/mobato.com.br\\\/#organization\"},\"image\":{\"@id\":\"https:\\\/\\\/mobato.com.br\\\/mobato-marca-presenca-no-encontro-regional-abradit-em-fortaleza\\\/#primaryimage\"},\"thumbnailUrl\":\"https:\\\/\\\/mobato.com.br\\\/wp-content\\\/uploads\\\/2025\\\/07\\\/Mobato-marca-presenca-no-Encontro-Regional-ABRADIT-em-Fortaleza.webp\",\"keywords\":[\"Destaques\"],\"articleSection\":[\"Eventos\"],\"inLanguage\":\"en-US\",\"potentialAction\":[{\"@type\":\"CommentAction\",\"name\":\"Comment\",\"target\":[\"https:\\\/\\\/mobato.com.br\\\/mobato-marca-presenca-no-encontro-regional-abradit-em-fortaleza\\\/#respond\"]}]},{\"@type\":\"WebPage\",\"@id\":\"https:\\\/\\\/mobato.com.br\\\/mobato-marca-presenca-no-encontro-regional-abradit-em-fortaleza\\\/\",\"url\":\"https:\\\/\\\/mobato.com.br\\\/mobato-marca-presenca-no-encontro-regional-abradit-em-fortaleza\\\/\",\"name\":\"Mobato marca presen\u00e7a no Encontro Regional ABRADIT em Fortaleza - Mobato\",\"isPartOf\":{\"@id\":\"https:\\\/\\\/mobato.com.br\\\/#website\"},\"primaryImageOfPage\":{\"@id\":\"https:\\\/\\\/mobato.com.br\\\/mobato-marca-presenca-no-encontro-regional-abradit-em-fortaleza\\\/#primaryimage\"},\"image\":{\"@id\":\"https:\\\/\\\/mobato.com.br\\\/mobato-marca-presenca-no-encontro-regional-abradit-em-fortaleza\\\/#primaryimage\"},\"thumbnailUrl\":\"https:\\\/\\\/mobato.com.br\\\/wp-content\\\/uploads\\\/2025\\\/07\\\/Mobato-marca-presenca-no-Encontro-Regional-ABRADIT-em-Fortaleza.webp\",\"datePublished\":\"2025-07-17T11:35:43+00:00\",\"dateModified\":\"2025-07-17T12:31:46+00:00\",\"description\":\"Evento reuniu diretores e gerentes da rede Toyota para alinhamento e neg\u00f3cios, com destaque para o produto D-Check by Mobato.\",\"breadcrumb\":{\"@id\":\"https:\\\/\\\/mobato.com.br\\\/mobato-marca-presenca-no-encontro-regional-abradit-em-fortaleza\\\/#breadcrumb\"},\"inLanguage\":\"en-US\",\"potentialAction\":[{\"@type\":\"ReadAction\",\"target\":[\"https:\\\/\\\/mobato.com.br\\\/mobato-marca-presenca-no-encontro-regional-abradit-em-fortaleza\\\/\"]}]},{\"@type\":\"ImageObject\",\"inLanguage\":\"en-US\",\"@id\":\"https:\\\/\\\/mobato.com.br\\\/mobato-marca-presenca-no-encontro-regional-abradit-em-fortaleza\\\/#primaryimage\",\"url\":\"https:\\\/\\\/mobato.com.br\\\/wp-content\\\/uploads\\\/2025\\\/07\\\/Mobato-marca-presenca-no-Encontro-Regional-ABRADIT-em-Fortaleza.webp\",\"contentUrl\":\"https:\\\/\\\/mobato.com.br\\\/wp-content\\\/uploads\\\/2025\\\/07\\\/Mobato-marca-presenca-no-Encontro-Regional-ABRADIT-em-Fortaleza.webp\",\"width\":1920,\"height\":1080,\"caption\":\"Mobato marca presen\u00e7a no Encontro Regional ABRADIT em Fortaleza\"},{\"@type\":\"BreadcrumbList\",\"@id\":\"https:\\\/\\\/mobato.com.br\\\/mobato-marca-presenca-no-encontro-regional-abradit-em-fortaleza\\\/#breadcrumb\",\"itemListElement\":[{\"@type\":\"ListItem\",\"position\":1,\"name\":\"Home\",\"item\":\"https:\\\/\\\/mobato.com.br\\\/\"},{\"@type\":\"ListItem\",\"position\":2,\"name\":\"Mobato marca presen\u00e7a no Encontro Regional ABRADIT em Fortaleza\"}]},{\"@type\":\"WebSite\",\"@id\":\"https:\\\/\\\/mobato.com.br\\\/#website\",\"url\":\"https:\\\/\\\/mobato.com.br\\\/\",\"name\":\"Mobato\",\"description\":\"a plataforma completa para p\u00f3s-venda e an\u00e1lise de dados\",\"publisher\":{\"@id\":\"https:\\\/\\\/mobato.com.br\\\/#organization\"},\"alternateName\":\"Mobato\",\"potentialAction\":[{\"@type\":\"SearchAction\",\"target\":{\"@type\":\"EntryPoint\",\"urlTemplate\":\"https:\\\/\\\/mobato.com.br\\\/?s={search_term_string}\"},\"query-input\":{\"@type\":\"PropertyValueSpecification\",\"valueRequired\":true,\"valueName\":\"search_term_string\"}}],\"inLanguage\":\"en-US\"},{\"@type\":\"Organization\",\"@id\":\"https:\\\/\\\/mobato.com.br\\\/#organization\",\"name\":\"Mobato\",\"url\":\"https:\\\/\\\/mobato.com.br\\\/\",\"logo\":{\"@type\":\"ImageObject\",\"inLanguage\":\"en-US\",\"@id\":\"https:\\\/\\\/mobato.com.br\\\/#\\\/schema\\\/logo\\\/image\\\/\",\"url\":\"https:\\\/\\\/mobato.com.br\\\/wp-content\\\/uploads\\\/2025\\\/06\\\/01_logo_mobato_alta-1.webp\",\"contentUrl\":\"https:\\\/\\\/mobato.com.br\\\/wp-content\\\/uploads\\\/2025\\\/06\\\/01_logo_mobato_alta-1.webp\",\"width\":808,\"height\":205,\"caption\":\"Mobato\"},\"image\":{\"@id\":\"https:\\\/\\\/mobato.com.br\\\/#\\\/schema\\\/logo\\\/image\\\/\"},\"sameAs\":[\"https:\\\/\\\/www.facebook.com\\\/profile.php?id=61556951061643\",\"https:\\\/\\\/www.instagram.com\\\/mobato.oficial\\\/\",\"https:\\\/\\\/www.youtube.com\\\/@mobato.oficial\",\"https:\\\/\\\/www.linkedin.com\\\/company\\\/mobato-oficial\\\/?viewAsMember=true\"]},{\"@type\":\"Person\",\"@id\":\"https:\\\/\\\/mobato.com.br\\\/#\\\/schema\\\/person\\\/54ea0cad6ae7b9818e0a0f8433c7e139\",\"name\":\"Administrador\",\"image\":{\"@type\":\"ImageObject\",\"inLanguage\":\"en-US\",\"@id\":\"https:\\\/\\\/secure.gravatar.com\\\/avatar\\\/a9da55d47f0b573e7c4eb3d4efafd822921f6c30d1869efd646a4fd13a6aaf0f?s=96&d=mm&r=g\",\"url\":\"https:\\\/\\\/secure.gravatar.com\\\/avatar\\\/a9da55d47f0b573e7c4eb3d4efafd822921f6c30d1869efd646a4fd13a6aaf0f?s=96&d=mm&r=g\",\"contentUrl\":\"https:\\\/\\\/secure.gravatar.com\\\/avatar\\\/a9da55d47f0b573e7c4eb3d4efafd822921f6c30d1869efd646a4fd13a6aaf0f?s=96&d=mm&r=g\",\"caption\":\"Administrador\"}}]}<\/script>\n<!-- \/ Yoast SEO plugin. -->","yoast_head_json":{"title":"Mobato marca presen\u00e7a no Encontro Regional ABRADIT em Fortaleza - Mobato","description":"Evento reuniu diretores e gerentes da rede Toyota para alinhamento e neg\u00f3cios, com destaque para o produto D-Check by Mobato.","robots":{"index":"index","follow":"follow","max-snippet":"max-snippet:-1","max-image-preview":"max-image-preview:large","max-video-preview":"max-video-preview:-1"},"canonical":"https:\/\/mobato.com.br\/en\/mobato-marca-presenca-no-encontro-regional-abradit-em-fortaleza\/","og_locale":"en_US","og_type":"article","og_title":"Mobato marca presen\u00e7a no Encontro Regional ABRADIT em Fortaleza - Mobato","og_description":"Evento reuniu diretores e gerentes da rede Toyota para alinhamento e neg\u00f3cios, com destaque para o produto D-Check by Mobato.","og_url":"https:\/\/mobato.com.br\/en\/mobato-marca-presenca-no-encontro-regional-abradit-em-fortaleza\/","og_site_name":"Mobato","article_publisher":"https:\/\/www.facebook.com\/profile.php?id=61556951061643","article_published_time":"2025-07-17T11:35:43+00:00","article_modified_time":"2025-07-17T12:31:46+00:00","og_image":[{"width":1920,"height":1080,"url":"https:\/\/mobato.com.br\/wp-content\/uploads\/2025\/07\/Mobato-marca-presenca-no-Encontro-Regional-ABRADIT-em-Fortaleza.webp","type":"image\/webp"}],"author":"Administrador","twitter_card":"summary_large_image","twitter_misc":{"Written by":"Administrador","Est. reading time":"2 minutes"},"schema":{"@context":"https:\/\/schema.org","@graph":[{"@type":"Article","@id":"https:\/\/mobato.com.br\/mobato-marca-presenca-no-encontro-regional-abradit-em-fortaleza\/#article","isPartOf":{"@id":"https:\/\/mobato.com.br\/mobato-marca-presenca-no-encontro-regional-abradit-em-fortaleza\/"},"author":{"name":"Administrador","@id":"https:\/\/mobato.com.br\/#\/schema\/person\/54ea0cad6ae7b9818e0a0f8433c7e139"},"headline":"Mobato marca presen\u00e7a no Encontro Regional ABRADIT em Fortaleza","datePublished":"2025-07-17T11:35:43+00:00","dateModified":"2025-07-17T12:31:46+00:00","mainEntityOfPage":{"@id":"https:\/\/mobato.com.br\/mobato-marca-presenca-no-encontro-regional-abradit-em-fortaleza\/"},"wordCount":218,"commentCount":0,"publisher":{"@id":"https:\/\/mobato.com.br\/#organization"},"image":{"@id":"https:\/\/mobato.com.br\/mobato-marca-presenca-no-encontro-regional-abradit-em-fortaleza\/#primaryimage"},"thumbnailUrl":"https:\/\/mobato.com.br\/wp-content\/uploads\/2025\/07\/Mobato-marca-presenca-no-Encontro-Regional-ABRADIT-em-Fortaleza.webp","keywords":["Destaques"],"articleSection":["Eventos"],"inLanguage":"en-US","potentialAction":[{"@type":"CommentAction","name":"Comment","target":["https:\/\/mobato.com.br\/mobato-marca-presenca-no-encontro-regional-abradit-em-fortaleza\/#respond"]}]},{"@type":"WebPage","@id":"https:\/\/mobato.com.br\/mobato-marca-presenca-no-encontro-regional-abradit-em-fortaleza\/","url":"https:\/\/mobato.com.br\/mobato-marca-presenca-no-encontro-regional-abradit-em-fortaleza\/","name":"Mobato marca presen\u00e7a no Encontro Regional ABRADIT em Fortaleza - Mobato","isPartOf":{"@id":"https:\/\/mobato.com.br\/#website"},"primaryImageOfPage":{"@id":"https:\/\/mobato.com.br\/mobato-marca-presenca-no-encontro-regional-abradit-em-fortaleza\/#primaryimage"},"image":{"@id":"https:\/\/mobato.com.br\/mobato-marca-presenca-no-encontro-regional-abradit-em-fortaleza\/#primaryimage"},"thumbnailUrl":"https:\/\/mobato.com.br\/wp-content\/uploads\/2025\/07\/Mobato-marca-presenca-no-Encontro-Regional-ABRADIT-em-Fortaleza.webp","datePublished":"2025-07-17T11:35:43+00:00","dateModified":"2025-07-17T12:31:46+00:00","description":"Evento reuniu diretores e gerentes da rede Toyota para alinhamento e neg\u00f3cios, com destaque para o produto D-Check by Mobato.","breadcrumb":{"@id":"https:\/\/mobato.com.br\/mobato-marca-presenca-no-encontro-regional-abradit-em-fortaleza\/#breadcrumb"},"inLanguage":"en-US","potentialAction":[{"@type":"ReadAction","target":["https:\/\/mobato.com.br\/mobato-marca-presenca-no-encontro-regional-abradit-em-fortaleza\/"]}]},{"@type":"ImageObject","inLanguage":"en-US","@id":"https:\/\/mobato.com.br\/mobato-marca-presenca-no-encontro-regional-abradit-em-fortaleza\/#primaryimage","url":"https:\/\/mobato.com.br\/wp-content\/uploads\/2025\/07\/Mobato-marca-presenca-no-Encontro-Regional-ABRADIT-em-Fortaleza.webp","contentUrl":"https:\/\/mobato.com.br\/wp-content\/uploads\/2025\/07\/Mobato-marca-presenca-no-Encontro-Regional-ABRADIT-em-Fortaleza.webp","width":1920,"height":1080,"caption":"Mobato marca presen\u00e7a no Encontro Regional ABRADIT em Fortaleza"},{"@type":"BreadcrumbList","@id":"https:\/\/mobato.com.br\/mobato-marca-presenca-no-encontro-regional-abradit-em-fortaleza\/#breadcrumb","itemListElement":[{"@type":"ListItem","position":1,"name":"Home","item":"https:\/\/mobato.com.br\/"},{"@type":"ListItem","position":2,"name":"Mobato marca presen\u00e7a no Encontro Regional ABRADIT em Fortaleza"}]},{"@type":"WebSite","@id":"https:\/\/mobato.com.br\/#website","url":"https:\/\/mobato.com.br\/","name":"Mobato","description":"a plataforma completa para p\u00f3s-venda e an\u00e1lise de dados","publisher":{"@id":"https:\/\/mobato.com.br\/#organization"},"alternateName":"Mobato","potentialAction":[{"@type":"SearchAction","target":{"@type":"EntryPoint","urlTemplate":"https:\/\/mobato.com.br\/?s={search_term_string}"},"query-input":{"@type":"PropertyValueSpecification","valueRequired":true,"valueName":"search_term_string"}}],"inLanguage":"en-US"},{"@type":"Organization","@id":"https:\/\/mobato.com.br\/#organization","name":"Mobato","url":"https:\/\/mobato.com.br\/","logo":{"@type":"ImageObject","inLanguage":"en-US","@id":"https:\/\/mobato.com.br\/#\/schema\/logo\/image\/","url":"https:\/\/mobato.com.br\/wp-content\/uploads\/2025\/06\/01_logo_mobato_alta-1.webp","contentUrl":"https:\/\/mobato.com.br\/wp-content\/uploads\/2025\/06\/01_logo_mobato_alta-1.webp","width":808,"height":205,"caption":"Mobato"},"image":{"@id":"https:\/\/mobato.com.br\/#\/schema\/logo\/image\/"},"sameAs":["https:\/\/www.facebook.com\/profile.php?id=61556951061643","https:\/\/www.instagram.com\/mobato.oficial\/","https:\/\/www.youtube.com\/@mobato.oficial","https:\/\/www.linkedin.com\/company\/mobato-oficial\/?viewAsMember=true"]},{"@type":"Person","@id":"https:\/\/mobato.com.br\/#\/schema\/person\/54ea0cad6ae7b9818e0a0f8433c7e139","name":"Administrador","image":{"@type":"ImageObject","inLanguage":"en-US","@id":"https:\/\/secure.gravatar.com\/avatar\/a9da55d47f0b573e7c4eb3d4efafd822921f6c30d1869efd646a4fd13a6aaf0f?s=96&d=mm&r=g","url":"https:\/\/secure.gravatar.com\/avatar\/a9da55d47f0b573e7c4eb3d4efafd822921f6c30d1869efd646a4fd13a6aaf0f?s=96&d=mm&r=g","contentUrl":"https:\/\/secure.gravatar.com\/avatar\/a9da55d47f0b573e7c4eb3d4efafd822921f6c30d1869efd646a4fd13a6aaf0f?s=96&d=mm&r=g","caption":"Administrador"}}]}},"jetpack_featured_media_url":"https:\/\/mobato.com.br\/wp-content\/uploads\/2025\/07\/Mobato-marca-presenca-no-Encontro-Regional-ABRADIT-em-Fortaleza.webp","jetpack_shortlink":"https:\/\/wp.me\/pcWkbR-1ae","_links":{"self":[{"href":"https:\/\/mobato.com.br\/en\/wp-json\/wp\/v2\/posts\/4478","targetHints":{"allow":["GET"]}}],"collection":[{"href":"https:\/\/mobato.com.br\/en\/wp-json\/wp\/v2\/posts"}],"about":[{"href":"https:\/\/mobato.com.br\/en\/wp-json\/wp\/v2\/types\/post"}],"author":[{"embeddable":true,"href":"https:\/\/mobato.com.br\/en\/wp-json\/wp\/v2\/users\/4"}],"replies":[{"embeddable":true,"href":"https:\/\/mobato.com.br\/en\/wp-json\/wp\/v2\/comments?post=4478"}],"version-history":[{"count":7,"href":"https:\/\/mobato.com.br\/en\/wp-json\/wp\/v2\/posts\/4478\/revisions"}],"predecessor-version":[{"id":4491,"href":"https:\/\/mobato.com.br\/en\/wp-json\/wp\/v2\/posts\/4478\/revisions\/4491"}],"wp:featuredmedia":[{"embeddable":true,"href":"https:\/\/mobato.com.br\/en\/wp-json\/wp\/v2\/media\/4480"}],"wp:attachment":[{"href":"https:\/\/mobato.com.br\/en\/wp-json\/wp\/v2\/media?parent=4478"}],"wp:term":[{"taxonomy":"category","embeddable":true,"href":"https:\/\/mobato.com.br\/en\/wp-json\/wp\/v2\/categories?post=4478"},{"taxonomy":"post_tag","embeddable":true,"href":"https:\/\/mobato.com.br\/en\/wp-json\/wp\/v2\/tags?post=4478"}],"curies":[{"name":"wp","href":"https:\/\/api.w.org\/{rel}","templated":true}]}}